{"id":10681,"date":"2023-03-29T08:40:27","date_gmt":"2023-03-29T08:40:27","guid":{"rendered":"https:\/\/egedtech.com\/fundamentals-of-deep-tech-investing\/"},"modified":"2023-03-29T08:42:54","modified_gmt":"2023-03-29T08:42:54","slug":"egiad-melekleri-yatirimcilari-ege-d-tech-projesi-egitiminde-bulustu","status":"publish","type":"post","link":"https:\/\/egedtech.com\/tr\/egiad-melekleri-yatirimcilari-ege-d-tech-projesi-egitiminde-bulustu\/","title":{"rendered":"EG\u0130AD Melekleri Yat\u0131r\u0131mc\u0131lar\u0131 Ege D-Tech Projesi E\u011fitiminde Bulu\u015ftu"},"content":{"rendered":"<p><img fetchpriority=\"high\" decoding=\"async\" class=\"size-medium wp-image-10684 alignright\" src=\"https:\/\/egedtech.com\/wp-content\/uploads\/2023\/03\/DSC_8695-300x199.jpeg\" alt=\"\" width=\"300\" height=\"199\" srcset=\"https:\/\/egedtech.com\/wp-content\/uploads\/2023\/03\/DSC_8695-300x199.jpeg 300w, https:\/\/egedtech.com\/wp-content\/uploads\/2023\/03\/DSC_8695-1024x680.jpeg 1024w\" sizes=\"(max-width: 300px) 100vw, 300px\" \/>Avrupa Birli\u011fi ve T\u00fcrkiye Cumhuriyeti finansal i\u015f birli\u011fi \u00e7er\u00e7evesinde, <strong><b>T.C. Sanayi ve Teknoloji Bakanl\u0131\u011f\u0131 Rekabet\u00e7i Sekt\u00f6rler Program\u0131<\/b><\/strong>\u00a0kapsam\u0131nda <strong><b>Ege Teknopark<\/b><\/strong>\u00a0y\u00fcr\u00fct\u00fcc\u00fcl\u00fc\u011f\u00fcndeki, Ege \u00dcniversitesi ve EG\u0130AD partnerli\u011findeki <strong><b>Ege D-Tech Projesi<\/b><\/strong>\u00a0kapsam\u0131nda,\u00a0<strong><b>EG\u0130AD<\/b><\/strong>\u00a0ev sahipli\u011finde ger\u00e7ekle\u015fen \u201cDerin Teknoloji Yat\u0131r\u0131m\u0131na Dair Temel Bilgiler\u201d ba\u015fl\u0131kl\u0131 e\u011fitimde yat\u0131r\u0131mc\u0131lar bir araya geldi. Mevcut ve potansiyel <strong><b>EG\u0130AD &amp; EG\u0130AD Melekleri<\/b><\/strong>\u00a0yat\u0131r\u0131mc\u0131lar\u0131n\u0131n kat\u0131l\u0131m\u0131na \u00f6zel ger\u00e7ekle\u015fen e\u011fitimde, derin teknoloji tabanl\u0131 yat\u0131r\u0131mlar\u0131na ili\u015fkin temel hususlar kapsaml\u0131 bir \u015fekilde ele al\u0131nd\u0131.<\/p>\n<p>Etkinlik, program\u0131 alanlar\u0131nda deneyimli uzmanlar;\u00a0<strong><b>Jakob Gajsek <\/b><\/strong>ve <strong><b>Dimitrios Matsakis <\/b><\/strong>e\u011fitmenli\u011finde <strong><b>22 \u2013 23 Mart<\/b><\/strong>\u00a0tarihlerinde <strong><b>EG\u0130AD Sosyal ve K\u00fclt\u00fcrel Etkinlikler Merkezi<\/b><\/strong>\u2019nde ger\u00e7ekle\u015ftirildi. Programda <strong><b>Ege D-Tech<\/b><\/strong>\u00a0Proje Koordinat\u00f6r\u00fc ve <strong><b>Ege Teknopark<\/b><\/strong>\u00a0Genel M\u00fcd\u00fcr Yard\u0131mc\u0131s\u0131 <strong><b>An\u0131l Baybura<\/b><\/strong>\u00a0ile Proje Teknik Destek Tak\u0131m Lideri <strong><b>Philip Sowden<\/b><\/strong>\u00a0proje ile ilgili kat\u0131l\u0131mc\u0131lar\u0131 bilgilendirdi.<\/p>\n<p>\u0130ki g\u00fcn s\u00fcresince yat\u0131r\u0131mc\u0131lar\u0131n aktif kat\u0131l\u0131mlar\u0131yla yer ald\u0131\u011f\u0131 e\u011fitim kapsam\u0131nda, derin teknoloji giri\u015fimlerinin \u00f6zel ihtiya\u00e7lar\u0131 ve yat\u0131r\u0131m s\u00fcre\u00e7lerinde yat\u0131r\u0131mc\u0131lara rehberlik edecek bir\u00e7ok konu ayr\u0131nt\u0131lar\u0131 ile i\u015flendi.<\/p>\n<p>EG\u0130AD Y\u00f6netim Kurulu Ba\u015fkan\u0131 ve Melek Yat\u0131r\u0131mc\u0131 Alp Avni Yelkenbi\u00e7er konu\u015fmas\u0131nda derin teknolojilerin hem i\u015f d\u00fcnsyas\u0131 hem de yat\u0131r\u0131mc\u0131l\u0131k d\u00fcnyas\u0131nda yerinin giderek artaca\u011f\u0131na ve gelecekte yeni yat\u0131r\u0131mlar\u0131n bu alanlarda da artarak devam edece\u011fine de\u011findi. \u201cEG\u0130AD ve EG\u0130AD Melekleri olarak proje orta\u011f\u0131 olmaktan \u00f6t\u00fcr\u00fc \u00e7ok mutlu oldu\u011fumuzu payla\u015fmal\u0131y\u0131m. 7 y\u0131l \u00f6nce kurulan bir yat\u0131r\u0131m a\u011f\u0131 olarak bug\u00fcn\u00fcn teknolojilerini ve gelece\u011fi takip etmek hem bizler i\u00e7in hem de yat\u0131r\u0131m ger\u00e7ekle\u015ftirece\u011fimiz giri\u015fimlere ak\u0131ll\u0131 para yat\u0131r\u0131m\u0131 i\u00e7in olduk\u00e7a k\u0131ymetlidir.\u201d dedi.<\/p>\n<p>Ege Teknopark Genel M\u00fcd\u00fcr Yard\u0131mc\u0131s\u0131 An\u0131l Baybura<strong><b>\u00a0<\/b><\/strong>ise \u201cTeknopark olarak \u0130zmir\u2019de yeni bir teknoloji \u00fcretme merkezine sahip oldu\u011fumuz ve bununla birlikte \u015fehrimizin ulusal ve uluslararas\u0131 alanda rekabet\u00e7i \u00fcst\u00fcnl\u00fc\u011f\u00fcn\u00fc sa\u011flamas\u0131, yeni teknolojiler\/\u00fcr\u00fcnler ortaya \u00e7\u0131karacak olmas\u0131 e\u015fsiz bir de\u011fere sahip. Yat\u0131r\u0131mc\u0131 ve i\u015f d\u00fcnyas\u0131 olarak EG\u0130AD\u2019\u0131n yan\u0131m\u0131zda, proje orta\u011f\u0131, olmas\u0131ndan \u00f6t\u00fcr\u00fc bir giri\u015fimcinin ihtiyac\u0131 olabilece\u011fi t\u00fcm kaynaklar\u0131 tamamlam\u0131\u015f bulunuyoruz. Rekt\u00f6rl\u00fc\u011f\u00fcm\u00fcze, Teknopark y\u00f6neticilerimiz ve t\u00fcm proje ortaklar\u0131m\u0131za te\u015fekk\u00fcrlerimi sunar\u0131m\u201d dedi.<\/p>\n<p><em><i>Ege Teknopark\u2019\u0131n y\u00fcr\u00fct\u00fcc\u00fcs\u00fc oldu\u011fu Derin Teknolojiler \u0130nk\u00fcbasyon Merkezi (Ege D-Tech) Projesi, T\u00fcrkiye Cumhuriyeti ve Avrupa Birli\u011fi taraf\u0131ndan ortak finanse edilen Rekabet\u00e7i Sekt\u00f6rler Program\u0131 (RSP) \u00e7er\u00e7evesinde ger\u00e7ekle\u015ftirilmektedir. Ege \u00dcniversitesi ve Ege Gen\u00e7 \u0130\u015f \u0130nsanlar\u0131 Derne\u011fi (EG\u0130AD) kat\u0131l\u0131m\u0131 ile uygulanan projenin 3 Milyon Euro b\u00fct\u00e7e ile 3 y\u0131lda tamamlanmas\u0131 planlanmaktad\u0131r. T. C. Sanayi ve Teknoloji Bakanl\u0131\u011f\u0131 taraf\u0131ndan y\u00fcr\u00fct\u00fclen Rekabet\u00e7i Sekt\u00f6rler Program\u0131 kapsam\u0131nda uygulanan onlarca proje ile T\u00fcrkiye\u2019de giri\u015fimciler ve KOB\u0130\u2019ler i\u00e7in daha rekabet\u00e7i ve yenilik\u00e7i bir ekosistem olu\u015fturulmas\u0131na katk\u0131 sa\u011flanmaktad\u0131r.<\/i><\/em><\/p>\n","protected":false},"excerpt":{"rendered":"<p>Avrupa Birli\u011fi ve T\u00fcrkiye Cumhuriyeti finansal i\u015f birli\u011fi \u00e7er\u00e7evesinde, T.C. Sanayi ve Teknoloji Bakanl\u0131\u011f\u0131 Rekabet\u00e7i Sekt\u00f6rler Program\u0131\u00a0kapsam\u0131nda Ege Teknopark\u00a0y\u00fcr\u00fct\u00fcc\u00fcl\u00fc\u011f\u00fcndeki, Ege \u00dcniversitesi ve EG\u0130AD partnerli\u011findeki Ege D-Tech Projesi\u00a0kapsam\u0131nda,\u00a0EG\u0130AD\u00a0ev sahipli\u011finde ger\u00e7ekle\u015fen \u201cDerin Teknoloji Yat\u0131r\u0131m\u0131na Dair Temel Bilgiler\u201d ba\u015fl\u0131kl\u0131 e\u011fitimde yat\u0131r\u0131mc\u0131lar bir araya geldi. Mevcut ve potansiyel EG\u0130AD &amp; EG\u0130AD Melekleri\u00a0yat\u0131r\u0131mc\u0131lar\u0131n\u0131n kat\u0131l\u0131m\u0131na \u00f6zel ger\u00e7ekle\u015fen e\u011fitimde, derin teknoloji tabanl\u0131 [&hellip;]<\/p>\n","protected":false},"author":1,"featured_media":10677,"comment_status":"closed","ping_status":"closed","sticky":false,"template":"","format":"standard","meta":{"footnotes":""},"categories":[23],"tags":[],"class_list":["post-10681","post","type-post","status-publish","format-standard","has-post-thumbnail","hentry","category-news-tr"],"_links":{"self":[{"href":"https:\/\/egedtech.com\/tr\/wp-json\/wp\/v2\/posts\/10681","targetHints":{"allow":["GET"]}}],"collection":[{"href":"https:\/\/egedtech.com\/tr\/wp-json\/wp\/v2\/posts"}],"about":[{"href":"https:\/\/egedtech.com\/tr\/wp-json\/wp\/v2\/types\/post"}],"author":[{"embeddable":true,"href":"https:\/\/egedtech.com\/tr\/wp-json\/wp\/v2\/users\/1"}],"replies":[{"embeddable":true,"href":"https:\/\/egedtech.com\/tr\/wp-json\/wp\/v2\/comments?post=10681"}],"version-history":[{"count":3,"href":"https:\/\/egedtech.com\/tr\/wp-json\/wp\/v2\/posts\/10681\/revisions"}],"predecessor-version":[{"id":10696,"href":"https:\/\/egedtech.com\/tr\/wp-json\/wp\/v2\/posts\/10681\/revisions\/10696"}],"wp:featuredmedia":[{"embeddable":true,"href":"https:\/\/egedtech.com\/tr\/wp-json\/wp\/v2\/media\/10677"}],"wp:attachment":[{"href":"https:\/\/egedtech.com\/tr\/wp-json\/wp\/v2\/media?parent=10681"}],"wp:term":[{"taxonomy":"category","embeddable":true,"href":"https:\/\/egedtech.com\/tr\/wp-json\/wp\/v2\/categories?post=10681"},{"taxonomy":"post_tag","embeddable":true,"href":"https:\/\/egedtech.com\/tr\/wp-json\/wp\/v2\/tags?post=10681"}],"curies":[{"name":"wp","href":"https:\/\/api.w.org\/{rel}","templated":true}]}}