{"id":10714,"date":"2023-05-11T07:51:36","date_gmt":"2023-05-11T07:51:36","guid":{"rendered":"https:\/\/egedtech.com\/practical-training-on-the-roles-and-responsibilities-of-incubator-staff-and-delivering-startup-support-services\/"},"modified":"2023-05-11T07:53:12","modified_gmt":"2023-05-11T07:53:12","slug":"derin-teknoloji-odakli-kulucka-merkezinde-gorev-dagilimi-egitimi","status":"publish","type":"post","link":"https:\/\/egedtech.com\/tr\/derin-teknoloji-odakli-kulucka-merkezinde-gorev-dagilimi-egitimi\/","title":{"rendered":"Derin Teknoloji Odakl\u0131 Kulu\u00e7ka Merkezinde G\u00f6rev Da\u011f\u0131l\u0131m\u0131 E\u011fitimi"},"content":{"rendered":"<p><strong>T\u00fcrkiye Cumhuriyeti<\/strong> ve <strong>Avrupa Birli\u011fi<\/strong> finansal i\u015f birli\u011fi \u00e7er\u00e7evesinde, <strong>T\u00fcrkiye Cumhuriyeti Sanayi ve Teknoloji Bakanl\u0131\u011f\u0131 Rekabet\u00e7i Sekt\u00f6rler Program\u0131<\/strong> kapsam\u0131nda <strong>Ege Teknopark<\/strong> y\u00fcr\u00fct\u00fcc\u00fcl\u00fc\u011f\u00fcndeki <strong>Ege D-Tech Projesi <\/strong>kapsam\u0131nda proje ekibinin kapasite art\u0131r\u0131m\u0131na y\u00f6nelik \u201cDerin Teknoloji Odakl\u0131 Kulu\u00e7ka Merkezinde G\u00f6rev Da\u011f\u0131l\u0131m\u0131\u201d ba\u015fl\u0131kl\u0131 e\u011fitim ger\u00e7ekle\u015ftirildi. Proje y\u00fcr\u00fct\u00fcc\u00fcs\u00fc <strong>Ege Teknopark<\/strong> ve proje partnerleri <strong>Ege \u00dcniversitesi<\/strong> ve <strong>Ege Gen\u00e7 \u0130\u015f \u0130nsanlar\u0131 Derne\u011fi<\/strong> (EG\u0130AD) temsilcilerinin kat\u0131l\u0131mlar\u0131na \u00f6zel d\u00fczenlenen e\u011fitimde, proje kapsam\u0131nda uygulamaya ge\u00e7irilecek kulu\u00e7ka merkezinin ba\u015far\u0131s\u0131na y\u00f6nelik rol ve sorumluluk da\u011f\u0131l\u0131mlar\u0131 \u00fczerine \u00f6nemli hususlar ele al\u0131nd\u0131.<\/p>\n<p>Kulu\u00e7ka merkezinin operasyonel yap\u0131s\u0131, g\u00f6rev tan\u0131mlar\u0131n\u0131n ve payla\u015f\u0131mlar\u0131n\u0131n etkinli\u011finin art\u0131r\u0131lmas\u0131 vee kip y\u00f6netimi gibi \u00f6nemli konular\u0131 kapsayan e\u011fitim, Kaya Prestige Hotel ev sahipli\u011finde <strong>30 \u2013 31 Mart 2023<\/strong> tarihlerinde ger\u00e7ekle\u015ftirildi. Alanlar\u0131nda deneyimli uzmanlar <strong>Theologos Prokopiou<\/strong> ve <strong>\u0130lter Halilo\u011flu<\/strong> e\u011fitmenli\u011finde, kulu\u00e7ka merkezinde derin teknoloji tabanl\u0131 startup\u2019lara y\u00f6nelik sunulacak desteklerin optimizasyonu temas\u0131nda grup \u00e7al\u0131\u015fmalar\u0131 da ger\u00e7ekle\u015ftirildi.<\/p>\n<p>Proje temsilcilerinin aktif kat\u0131l\u0131mlar\u0131 ile ger\u00e7ekle\u015fen iki g\u00fcnl\u00fck e\u011fitim,\u00a0<strong>Ege D-Tech<\/strong> Proje Koordinat\u00f6r\u00fc ve <strong>Ege Teknopark<\/strong> Genel M\u00fcd\u00fcr Yard\u0131mc\u0131s\u0131 <strong>An\u0131l Baybura<\/strong> ve Proje Teknik Destek Ekip Lideri <strong>Philip Sowden<\/strong>\u2019\u0131n e\u011fitimin amac\u0131n\u0131 ve e\u011fitim sonunda beklentilerini payla\u015fmalar\u0131 ile ba\u015flad\u0131. Program\u0131n ilk g\u00fcn\u00fcnde, kulu\u00e7ka merkezinde g\u00f6rev alacak yetkililerin s\u00fcrekli \u00f6\u011freniminin \u00f6nemi \u00fczerinde duruldu. Kulu\u00e7ka merkezinde sunulacak desteklerin, geli\u015fen teknolojiler ve yeni kat\u0131l\u0131mc\u0131 startup\u2019lar ile devaml\u0131 g\u00fcncellenmesi gereklili\u011fi, ulusal ve k\u00fcresel \u00f6rnekler e\u015fli\u011finde incelendi.<\/p>\n<p>E\u011fitimin son g\u00fcn\u00fcnde, startup\u2019lar\u0131n ihtiya\u00e7lar\u0131n\u0131n \u00f6nceliklendirilmesi do\u011frultusunda \u00e7al\u0131\u015fmalar ger\u00e7ekle\u015ftirilirken, kulu\u00e7ka merkezinin di\u011fer merkezlerden ayr\u0131\u015fmas\u0131na y\u00f6nelik \u00f6zel desteklerin tasarlanmas\u0131na dair bir grup \u00e7al\u0131\u015fmas\u0131 ger\u00e7ekle\u015ftirildi. Ulusal ve uluslararas\u0131 ba\u015far\u0131l\u0131 merkezlerin gelir modellerinin de incelendi\u011fi etkinlik, soru \u2013 cevap oturumu ile sona erdi.<\/p>\n<p><em>Ege Teknopark\u2019\u0131n y\u00fcr\u00fct\u00fcc\u00fcs\u00fc oldu\u011fu Derin Teknolojiler \u0130nk\u00fcbasyon Merkezi (Ege D-Tech) Projesi, T\u00fcrkiye Cumhuriyeti ve Avrupa Birli\u011fi taraf\u0131ndan ortak finanse edilen Rekabet\u00e7i Sekt\u00f6rler Program\u0131 (RSP) \u00e7er\u00e7evesinde ger\u00e7ekle\u015ftirilmektedir. Ege \u00dcniversitesi ve Ege Gen\u00e7 \u0130\u015f \u0130nsanlar\u0131 Derne\u011fi (EG\u0130AD) kat\u0131l\u0131m\u0131 ile uygulanan projenin 3 Milyon Euro b\u00fct\u00e7e ile 3 y\u0131lda tamamlanmas\u0131 planlanmaktad\u0131r. T. C. Sanayi ve Teknoloji Bakanl\u0131\u011f\u0131 taraf\u0131ndan y\u00fcr\u00fct\u00fclen Rekabet\u00e7i Sekt\u00f6rler Program\u0131 kapsam\u0131nda uygulanan onlarca proje ile T\u00fcrkiye\u2019de giri\u015fimciler ve KOB\u0130\u2019ler i\u00e7in daha rekabet\u00e7i ve yenilik\u00e7i bir ekosistem olu\u015fturulmas\u0131na katk\u0131 sa\u011flanmaktad\u0131r.<\/em><\/p>\n","protected":false},"excerpt":{"rendered":"<p>T\u00fcrkiye Cumhuriyeti ve Avrupa Birli\u011fi finansal i\u015f birli\u011fi \u00e7er\u00e7evesinde, T\u00fcrkiye Cumhuriyeti Sanayi ve Teknoloji Bakanl\u0131\u011f\u0131 Rekabet\u00e7i Sekt\u00f6rler Program\u0131 kapsam\u0131nda Ege Teknopark y\u00fcr\u00fct\u00fcc\u00fcl\u00fc\u011f\u00fcndeki Ege D-Tech Projesi kapsam\u0131nda proje ekibinin kapasite art\u0131r\u0131m\u0131na y\u00f6nelik \u201cDerin Teknoloji Odakl\u0131 Kulu\u00e7ka Merkezinde G\u00f6rev Da\u011f\u0131l\u0131m\u0131\u201d ba\u015fl\u0131kl\u0131 e\u011fitim ger\u00e7ekle\u015ftirildi. Proje y\u00fcr\u00fct\u00fcc\u00fcs\u00fc Ege Teknopark ve proje partnerleri Ege \u00dcniversitesi ve Ege Gen\u00e7 \u0130\u015f \u0130nsanlar\u0131 [&hellip;]<\/p>\n","protected":false},"author":1,"featured_media":10711,"comment_status":"closed","ping_status":"closed","sticky":false,"template":"","format":"standard","meta":{"footnotes":""},"categories":[23],"tags":[],"class_list":["post-10714","post","type-post","status-publish","format-standard","has-post-thumbnail","hentry","category-news-tr"],"_links":{"self":[{"href":"https:\/\/egedtech.com\/tr\/wp-json\/wp\/v2\/posts\/10714","targetHints":{"allow":["GET"]}}],"collection":[{"href":"https:\/\/egedtech.com\/tr\/wp-json\/wp\/v2\/posts"}],"about":[{"href":"https:\/\/egedtech.com\/tr\/wp-json\/wp\/v2\/types\/post"}],"author":[{"embeddable":true,"href":"https:\/\/egedtech.com\/tr\/wp-json\/wp\/v2\/users\/1"}],"replies":[{"embeddable":true,"href":"https:\/\/egedtech.com\/tr\/wp-json\/wp\/v2\/comments?post=10714"}],"version-history":[{"count":2,"href":"https:\/\/egedtech.com\/tr\/wp-json\/wp\/v2\/posts\/10714\/revisions"}],"predecessor-version":[{"id":10717,"href":"https:\/\/egedtech.com\/tr\/wp-json\/wp\/v2\/posts\/10714\/revisions\/10717"}],"wp:featuredmedia":[{"embeddable":true,"href":"https:\/\/egedtech.com\/tr\/wp-json\/wp\/v2\/media\/10711"}],"wp:attachment":[{"href":"https:\/\/egedtech.com\/tr\/wp-json\/wp\/v2\/media?parent=10714"}],"wp:term":[{"taxonomy":"category","embeddable":true,"href":"https:\/\/egedtech.com\/tr\/wp-json\/wp\/v2\/categories?post=10714"},{"taxonomy":"post_tag","embeddable":true,"href":"https:\/\/egedtech.com\/tr\/wp-json\/wp\/v2\/tags?post=10714"}],"curies":[{"name":"wp","href":"https:\/\/api.w.org\/{rel}","templated":true}]}}