{"id":10741,"date":"2023-05-11T08:19:54","date_gmt":"2023-05-11T08:19:54","guid":{"rendered":"https:\/\/egedtech.com\/two-day-experience-sharing-event-for-deep-tech-investors\/"},"modified":"2023-05-11T08:22:55","modified_gmt":"2023-05-11T08:22:55","slug":"derin-teknoloji-yatirimcilari-deneyim-paylasimi-etkinliginde-bir-araya-geldi","status":"publish","type":"post","link":"https:\/\/egedtech.com\/tr\/derin-teknoloji-yatirimcilari-deneyim-paylasimi-etkinliginde-bir-araya-geldi\/","title":{"rendered":"Derin Teknoloji Yat\u0131r\u0131mc\u0131lar\u0131 \u201cDeneyim Payla\u015f\u0131m\u0131\u201d Etkinli\u011finde Bir Araya Geldi"},"content":{"rendered":"<p>Avrupa Birli\u011fi ve T\u00fcrkiye Cumhuriyeti e\u015f finanmas\u0131n\u0131 \u00e7er\u00e7evesinde, <strong>T.C. Sanayi ve Teknoloji Bakanl\u0131\u011f\u0131 Rekabet\u00e7i Sekt\u00f6rler Program\u0131<\/strong> kapsam\u0131nda <strong>Ege Teknopark<\/strong> y\u00fcr\u00fct\u00fcc\u00fcl\u00fc\u011f\u00fcndeki, Ege \u00dcniversitesi ve EG\u0130AD partnerli\u011findeki <strong>Ege D-Tech Projesi<\/strong> kapsam\u0131nda, <strong>EG\u0130AD<\/strong> ev sahipli\u011finde ger\u00e7ekle\u015fen \u201cDerin Teknoloji Yat\u0131r\u0131mc\u0131lar\u0131 i\u00e7in Deneyim Payla\u015f\u0131m\u0131\u201d ba\u015fl\u0131kl\u0131 etkinlikte yat\u0131r\u0131mc\u0131lar bir araya geldi. <strong>EG\u0130AD &amp; EG\u0130AD Melekleri<\/strong> \u00fcye yat\u0131r\u0131mc\u0131 gruplar\u0131n kat\u0131l\u0131mlar\u0131na \u00f6zel ger\u00e7ekle\u015fen etkinlikte kat\u0131l\u0131mc\u0131lar, derin teknoloji alan\u0131ndaki deneyimlerini, uzman konu\u015fmac\u0131lar\u0131n moderasyonunda payla\u015ft\u0131.<\/p>\n<p>\u0130ki g\u00fcnl\u00fck deneyim payla\u015f\u0131m\u0131 etkinlik;\u00a0alan\u0131nda tecr\u00fcbeli konu\u015fmac\u0131 ve yat\u0131r\u0131mc\u0131lar <strong>Mark Priest<\/strong>, <strong>Imre Hild ve Erman Turan <\/strong>\u00f6nc\u00fcl\u00fc\u011f\u00fcnde <strong>27 \u2013 28 Nisan<\/strong> tarihlerinde <strong>EG\u0130AD Sosyal ve K\u00fclt\u00fcrel Etkinlikler Merkezi<\/strong>\u2019nde ger\u00e7ekle\u015ftirildi. Program <strong>Ege D-Tech<\/strong> Proje Koordinat\u00f6r\u00fc ve <strong>Ege Teknopark<\/strong> Genel M\u00fcd\u00fcr Yard\u0131mc\u0131s\u0131 <strong>An\u0131l Baybura<\/strong> ve Proje Teknik Destek Ekibi \u0130nk\u00fcbasyon Uzman\u0131 <strong>P\u00e9ter Mogyor\u00f3si <\/strong>taraf\u0131ndan ger\u00e7ekle\u015ftirilen projeye ili\u015fkin bir bilgilendirme oturumu ile ba\u015flad\u0131.<\/p>\n<p>\u0130ki g\u00fcn s\u00fcresince yat\u0131r\u0131mc\u0131lar\u0131n aktif kat\u0131l\u0131mlar\u0131yla yer ald\u0131\u011f\u0131 etkinlik, melek yat\u0131r\u0131mc\u0131lar\u0131n derin teknoloji tabanl\u0131 giri\u015fimlere ili\u015fkin fark\u0131ndal\u0131klar\u0131n\u0131n art\u0131r\u0131lmas\u0131 oda\u011f\u0131nda ger\u00e7ekle\u015fti. Ulusal ve k\u00fcresel \u00f6rneklerin, \u0130zmir ekosistemi \u00f6zelinde incelendi\u011fi etkinlikte, T\u00fcrkiye startup ve inovasyon ekosisteminde derin teknoloji giri\u015fimlerinin son y\u0131llarda g\u00f6stermi\u015f oldu\u011fu geli\u015fmeye de dikkat \u00e7ekildi.<\/p>\n<p>Etkinlik kapsam\u0131nda, \u0130ngiltere, Macaristan ve T\u00fcrkiye ekosistemlerinde giri\u015fim sermayelerinin ve melek yat\u0131r\u0131mc\u0131lar\u0131n derin teknoloji yat\u0131r\u0131m\u0131na ili\u015fkin yakla\u015f\u0131mlar\u0131 de\u011ferlendirilirken, T\u00fcrkiye\u2019de derin teknoloji giri\u015fimlerinin farkl\u0131 yat\u0131r\u0131m ihtiya\u00e7lar\u0131 da ele al\u0131nd\u0131. K\u00fcresel \u00f6rnekler e\u015fli\u011finde yat\u0131r\u0131m de\u011ferlendirmelerinde dikkat edilmesi gereken hususlar\u0131n i\u015flendi\u011fi etkinlikte, ba\u015far\u0131l\u0131 \u201cexit\u201d hikayeleri de konu\u015fmac\u0131lar taraf\u0131ndan kat\u0131l\u0131mc\u0131lar ile payla\u015f\u0131ld\u0131. \u201cAk\u0131ll\u0131 Yat\u0131r\u0131m\u201d ve yat\u0131r\u0131m sonras\u0131 ama\u00e7lar\u0131n da tart\u0131\u015f\u0131ld\u0131\u011f\u0131 etkinlik, program kapsam\u0131nda de\u011ferlendirilen konular\u0131n \u00f6zetlenmesi ile son buldu.<\/p>\n<p><em>Ege Teknopark\u2019\u0131n y\u00fcr\u00fct\u00fcc\u00fcs\u00fc oldu\u011fu Derin Teknolojiler \u0130nk\u00fcbasyon Merkezi (Ege D-Tech) Projesi, T\u00fcrkiye Cumhuriyeti ve Avrupa Birli\u011fi taraf\u0131ndan ortak finanse edilen Rekabet\u00e7i Sekt\u00f6rler Program\u0131 (RSP) \u00e7er\u00e7evesinde ger\u00e7ekle\u015ftirilmektedir. Ege \u00dcniversitesi ve Ege Gen\u00e7 \u0130\u015f \u0130nsanlar\u0131 Derne\u011fi (EG\u0130AD) kat\u0131l\u0131m\u0131 ile uygulanan projenin 3 Milyon Euro b\u00fct\u00e7e ile 3 y\u0131lda tamamlanmas\u0131 planlanmaktad\u0131r. T. C. Sanayi ve Teknoloji Bakanl\u0131\u011f\u0131 taraf\u0131ndan y\u00fcr\u00fct\u00fclen Rekabet\u00e7i Sekt\u00f6rler Program\u0131 kapsam\u0131nda uygulanan onlarca proje ile T\u00fcrkiye\u2019de giri\u015fimciler ve KOB\u0130\u2019ler i\u00e7in daha rekabet\u00e7i ve yenilik\u00e7i bir ekosistem olu\u015fturulmas\u0131na katk\u0131 sa\u011flanmaktad\u0131r.<\/em><\/p>\n","protected":false},"excerpt":{"rendered":"<p>Avrupa Birli\u011fi ve T\u00fcrkiye Cumhuriyeti e\u015f finanmas\u0131n\u0131 \u00e7er\u00e7evesinde, T.C. Sanayi ve Teknoloji Bakanl\u0131\u011f\u0131 Rekabet\u00e7i Sekt\u00f6rler Program\u0131 kapsam\u0131nda Ege Teknopark y\u00fcr\u00fct\u00fcc\u00fcl\u00fc\u011f\u00fcndeki, Ege \u00dcniversitesi ve EG\u0130AD partnerli\u011findeki Ege D-Tech Projesi kapsam\u0131nda, EG\u0130AD ev sahipli\u011finde ger\u00e7ekle\u015fen \u201cDerin Teknoloji Yat\u0131r\u0131mc\u0131lar\u0131 i\u00e7in Deneyim Payla\u015f\u0131m\u0131\u201d ba\u015fl\u0131kl\u0131 etkinlikte yat\u0131r\u0131mc\u0131lar bir araya geldi. EG\u0130AD &amp; EG\u0130AD Melekleri \u00fcye yat\u0131r\u0131mc\u0131 gruplar\u0131n kat\u0131l\u0131mlar\u0131na \u00f6zel ger\u00e7ekle\u015fen [&hellip;]<\/p>\n","protected":false},"author":1,"featured_media":10738,"comment_status":"closed","ping_status":"closed","sticky":false,"template":"","format":"standard","meta":{"footnotes":""},"categories":[23],"tags":[],"class_list":["post-10741","post","type-post","status-publish","format-standard","has-post-thumbnail","hentry","category-news-tr"],"_links":{"self":[{"href":"https:\/\/egedtech.com\/tr\/wp-json\/wp\/v2\/posts\/10741","targetHints":{"allow":["GET"]}}],"collection":[{"href":"https:\/\/egedtech.com\/tr\/wp-json\/wp\/v2\/posts"}],"about":[{"href":"https:\/\/egedtech.com\/tr\/wp-json\/wp\/v2\/types\/post"}],"author":[{"embeddable":true,"href":"https:\/\/egedtech.com\/tr\/wp-json\/wp\/v2\/users\/1"}],"replies":[{"embeddable":true,"href":"https:\/\/egedtech.com\/tr\/wp-json\/wp\/v2\/comments?post=10741"}],"version-history":[{"count":3,"href":"https:\/\/egedtech.com\/tr\/wp-json\/wp\/v2\/posts\/10741\/revisions"}],"predecessor-version":[{"id":10745,"href":"https:\/\/egedtech.com\/tr\/wp-json\/wp\/v2\/posts\/10741\/revisions\/10745"}],"wp:featuredmedia":[{"embeddable":true,"href":"https:\/\/egedtech.com\/tr\/wp-json\/wp\/v2\/media\/10738"}],"wp:attachment":[{"href":"https:\/\/egedtech.com\/tr\/wp-json\/wp\/v2\/media?parent=10741"}],"wp:term":[{"taxonomy":"category","embeddable":true,"href":"https:\/\/egedtech.com\/tr\/wp-json\/wp\/v2\/categories?post=10741"},{"taxonomy":"post_tag","embeddable":true,"href":"https:\/\/egedtech.com\/tr\/wp-json\/wp\/v2\/tags?post=10741"}],"curies":[{"name":"wp","href":"https:\/\/api.w.org\/{rel}","templated":true}]}}